{"id":4128,"date":"2017-07-21T22:56:14","date_gmt":"2017-07-21T19:56:14","guid":{"rendered":"http:\/\/www.canbekirpekacar.com\/?p=4128"},"modified":"2017-07-25T18:16:51","modified_gmt":"2017-07-25T15:16:51","slug":"seytan","status":"publish","type":"post","link":"https:\/\/www.canbekirpekacar.com\/index.php\/2017\/07\/21\/seytan\/","title":{"rendered":"\u015eEYTAN"},"content":{"rendered":"<p>Benimle \u00a0u\u011fra\u015fma<\/p>\n<p>Seni \u00a0y\u0131kar\u0131m ,<\/p>\n<p>Varsa \u00a0sana uymayan,,<\/p>\n<p>Akl\u0131ndan \u00e7\u0131karamad\u0131n , \u00e7\u0131karamazs\u0131n ,,<\/p>\n<p>Diyelim , kurdun \u00a0tuzaklar\u0131n\u0131 ,,,,<\/p>\n<p>Seninde ,<\/p>\n<p>Allah\u0131m \u00a0, dedi\u011fin \u00a0Allah\u0131ma<\/p>\n<p>Senden \u00a0fazla iman\u0131m var,<\/p>\n<p>Kafam\u0131 bozmadan ,<\/p>\n<p>Ufak \u00a0ufak \u00a0, \u00a0uzakla\u015fsan<\/p>\n<p>\u0130yi edersin \u00a0!!<\/p>\n","protected":false},"excerpt":{"rendered":"<p>Benimle \u00a0u\u011fra\u015fma Seni \u00a0y\u0131kar\u0131m , Varsa \u00a0sana uymayan,, Akl\u0131ndan \u00e7\u0131karamad\u0131n , \u00e7\u0131karamazs\u0131n ,, Diyelim , kurdun \u00a0tuzaklar\u0131n\u0131 ,,,, Seninde , Allah\u0131m \u00a0, dedi\u011fin \u00a0Allah\u0131ma Senden \u00a0fazla iman\u0131m var, Kafam\u0131 bozmadan , Ufak \u00a0ufak \u00a0, \u00a0uzakla\u015fsan \u0130yi edersin \u00a0!!<\/p>\n","protected":false},"author":2,"featured_media":0,"comment_status":"open","ping_status":"open","sticky":false,"template":"","format":"standard","meta":{"footnotes":""},"categories":[1],"tags":[],"class_list":["post-4128","post","type-post","status-publish","format-standard","hentry","category-kulliyat"],"_links":{"self":[{"href":"https:\/\/www.canbekirpekacar.com\/index.php\/wp-json\/wp\/v2\/posts\/4128","targetHints":{"allow":["GET"]}}],"collection":[{"href":"https:\/\/www.canbekirpekacar.com\/index.php\/wp-json\/wp\/v2\/posts"}],"about":[{"href":"https:\/\/www.canbekirpekacar.com\/index.php\/wp-json\/wp\/v2\/types\/post"}],"author":[{"embeddable":true,"href":"https:\/\/www.canbekirpekacar.com\/index.php\/wp-json\/wp\/v2\/users\/2"}],"replies":[{"embeddable":true,"href":"https:\/\/www.canbekirpekacar.com\/index.php\/wp-json\/wp\/v2\/comments?post=4128"}],"version-history":[{"count":6,"href":"https:\/\/www.canbekirpekacar.com\/index.php\/wp-json\/wp\/v2\/posts\/4128\/revisions"}],"predecessor-version":[{"id":4144,"href":"https:\/\/www.canbekirpekacar.com\/index.php\/wp-json\/wp\/v2\/posts\/4128\/revisions\/4144"}],"wp:attachment":[{"href":"https:\/\/www.canbekirpekacar.com\/index.php\/wp-json\/wp\/v2\/media?parent=4128"}],"wp:term":[{"taxonomy":"category","embeddable":true,"href":"https:\/\/www.canbekirpekacar.com\/index.php\/wp-json\/wp\/v2\/categories?post=4128"},{"taxonomy":"post_tag","embeddable":true,"href":"https:\/\/www.canbekirpekacar.com\/index.php\/wp-json\/wp\/v2\/tags?post=4128"}],"curies":[{"name":"wp","href":"https:\/\/api.w.org\/{rel}","templated":true}]}}