{"id":4664,"date":"2022-02-05T08:23:03","date_gmt":"2022-02-05T05:23:03","guid":{"rendered":"http:\/\/www.canbekirpekacar.com\/?p=4664"},"modified":"2022-02-05T20:22:25","modified_gmt":"2022-02-05T17:22:25","slug":"umut","status":"publish","type":"post","link":"https:\/\/www.canbekirpekacar.com\/index.php\/2022\/02\/05\/umut\/","title":{"rendered":"UMUT"},"content":{"rendered":"\n<p>G\u00fcn  ge\u00e7miyorki<\/p>\n\n\n\n<p>A\u011fz\u0131m\u0131zdan  d\u00fc\u015fmesin  birka\u00e7  t\u00f6vbe<\/p>\n\n\n\n<p>\u00c7ekemedik  el  etek<\/p>\n\n\n\n<p>Vazge\u00e7emedik  d\u00fcnya  i\u015finden  nedense<\/p>\n\n\n\n<p>Kimbilir<\/p>\n\n\n\n<p>Belkide do\u011fu\u015ftan  g\u00fcnaha  a\u015f\u0131kt\u0131k ,,,<\/p>\n\n\n\n<p>Hen\u00fcz  daha<\/p>\n\n\n\n<p>\u00c7\u00f6zm\u00fc\u015f bile  de\u011filim kendimi ,<\/p>\n\n\n\n<p>\u015eahs\u0131na  m\u00fcnhas\u0131r  bir deli<\/p>\n\n\n\n<p>Bazende  divane<\/p>\n\n\n\n<p>Bir doksandokuzluk elimde <\/p>\n\n\n\n<p>Babadan  kalma<\/p>\n\n\n\n<p>\u00c7ukurcuma kazan , ben kep\u00e7e ,<\/p>\n\n\n\n<p><\/p>\n\n\n\n<p>Umut,  bu  ya<\/p>\n\n\n\n<p>Affeder<\/p>\n\n\n\n<p>Affeder<\/p>\n\n\n\n<p>Affeder  mutlaka ..!!!!!!!!<\/p>\n\n\n\n<p><\/p>\n\n\n\n<p><\/p>\n","protected":false},"excerpt":{"rendered":"<p>G\u00fcn ge\u00e7miyorki A\u011fz\u0131m\u0131zdan d\u00fc\u015fmesin birka\u00e7 t\u00f6vbe \u00c7ekemedik el etek Vazge\u00e7emedik d\u00fcnya i\u015finden nedense Kimbilir Belkide do\u011fu\u015ftan g\u00fcnaha a\u015f\u0131kt\u0131k ,,, Hen\u00fcz daha \u00c7\u00f6zm\u00fc\u015f bile de\u011filim kendimi , \u015eahs\u0131na m\u00fcnhas\u0131r bir deli Bazende divane Bir doksandokuzluk elimde Babadan kalma \u00c7ukurcuma kazan , ben kep\u00e7e , Umut, bu ya Affeder Affeder Affeder mutlaka ..!!!!!!!!<\/p>\n","protected":false},"author":2,"featured_media":0,"comment_status":"open","ping_status":"open","sticky":false,"template":"","format":"standard","meta":{"footnotes":""},"categories":[1],"tags":[],"class_list":["post-4664","post","type-post","status-publish","format-standard","hentry","category-kulliyat"],"_links":{"self":[{"href":"https:\/\/www.canbekirpekacar.com\/index.php\/wp-json\/wp\/v2\/posts\/4664","targetHints":{"allow":["GET"]}}],"collection":[{"href":"https:\/\/www.canbekirpekacar.com\/index.php\/wp-json\/wp\/v2\/posts"}],"about":[{"href":"https:\/\/www.canbekirpekacar.com\/index.php\/wp-json\/wp\/v2\/types\/post"}],"author":[{"embeddable":true,"href":"https:\/\/www.canbekirpekacar.com\/index.php\/wp-json\/wp\/v2\/users\/2"}],"replies":[{"embeddable":true,"href":"https:\/\/www.canbekirpekacar.com\/index.php\/wp-json\/wp\/v2\/comments?post=4664"}],"version-history":[{"count":1,"href":"https:\/\/www.canbekirpekacar.com\/index.php\/wp-json\/wp\/v2\/posts\/4664\/revisions"}],"predecessor-version":[{"id":4665,"href":"https:\/\/www.canbekirpekacar.com\/index.php\/wp-json\/wp\/v2\/posts\/4664\/revisions\/4665"}],"wp:attachment":[{"href":"https:\/\/www.canbekirpekacar.com\/index.php\/wp-json\/wp\/v2\/media?parent=4664"}],"wp:term":[{"taxonomy":"category","embeddable":true,"href":"https:\/\/www.canbekirpekacar.com\/index.php\/wp-json\/wp\/v2\/categories?post=4664"},{"taxonomy":"post_tag","embeddable":true,"href":"https:\/\/www.canbekirpekacar.com\/index.php\/wp-json\/wp\/v2\/tags?post=4664"}],"curies":[{"name":"wp","href":"https:\/\/api.w.org\/{rel}","templated":true}]}}